{"id":3412,"global_id":"www.mozarteumdefrance.fr\/wp?id=3412","global_id_lineage":["www.mozarteumdefrance.fr\/wp?id=3412"],"author":"2","status":"publish","date":"2024-09-07 11:50:12","date_utc":"2024-09-07 09:50:12","modified":"2024-10-11 11:15:50","modified_utc":"2024-10-11 09:15:50","url":"https:\/\/www.mozarteumdefrance.fr\/wp\/conference\/promenades-dans-la-bonne-chanson-francaise-des-annees-1966-1973-autour-de-la-fine-fleur-emission-radiophonique-de-luc-berimont-par-pierre-saby-musicologue\/","rest_url":"https:\/\/www.mozarteumdefrance.fr\/wp\/wp-json\/tribe\/events\/v1\/events\/3412","title":"Promenades dans la (bonne) chanson fran\u00e7aise des ann\u00e9es 1966-1973 : autour de \u00ab\u00a0La fine fleur\u00a0\u00bb, \u00e9mission radiophonique de Luc B\u00e9rimont par Pierre Saby, musicologue","description":"<p>Le 3 janvier 1967, sur la cha\u00eene de radio nationale France Inter, \u00e9tait diffus\u00e9e pour la premi\u00e8re fois une formule sc\u00e9nique de l\u2019\u00e9mission \u00ab\u00a0La fine fleur de la chanson fran\u00e7aise\u00a0\u00bb, con\u00e7ue et produite par le po\u00e8te et homme de radio Luc B\u00e9rimont (1915\u20131983), dont une formule \u00ab\u00a0studio\u00a0\u00bb existait depuis plusieurs ann\u00e9es, consacr\u00e9e conjointement \u00e0 la chanson de qualit\u00e9 et \u00e0 la po\u00e9sie.<\/p>\n<p>Au-del\u00e0 de l\u2019enregistrement du tour de chant, en seconde partie de spectacle, d\u2019un artiste confirm\u00e9 (parmi les premiers figur\u00e8rent Guy Bontempelli, Catherine Sauvage, Juliette Gr\u00e9co, Maurice Fanon, F\u00e9lix Leclerc\u2026), le nouveau projet instituait un concours destin\u00e9 \u00e0 de jeunes chanteurs, principalement auteurs-compositeurs interpr\u00e8tes, avec le double objectif d\u2019aider au d\u00e9but de carri\u00e8re des meilleurs d\u2019entre eux, et de promouvoir la chanson po\u00e9tique et la chanson d\u2019auteur, en une p\u00e9riode o\u00f9 la vague \u00ab\u00a0y\u00e9-y\u00e9\u00a0\u00bb n\u2019avait pas encore reflu\u00e9, et o\u00f9 ce que l\u2019on appelait encore \u00ab\u00a0chanson\u00a0\u00bb \u00e9tait d\u00e9j\u00e0 devenue une industrie. L\u2019\u00e9pop\u00e9e du concours de <i>La Fine Fleur<\/i>, o\u00f9 tent\u00e8rent leur chance nombre d\u2019artistes qui finirent par se faire un nom, dura quatre ann\u00e9es, et l\u2019\u00e9mission de B\u00e9rimont disparut \u00e0 la fin de 1973, pr\u00e9c\u00e9dant ainsi de peu la fermeture de nombreux cabarets parisiens\u2026<\/p>\n<p align=\"justify\"><img decoding=\"async\" src=\"https:\/\/www.mozarteumdefrance.fr\/wp\/wp-content\/uploads\/2022\/10\/Pierre-Saby.jpg\" alt=\"\" width=\"150\" height=\"144\" \/>Pierre Saby a \u00e9t\u00e9 professeur en musicologie \u00e0 l\u2019universit\u00e9 Lumi\u00e8re Lyon 2 et est toujours membre associ\u00e9 au laboratoire de recherche IHRIM (UMR 5317, CNRS\/Universit\u00e9s de Lyon et Saint-Etienne).<\/p>\n<p align=\"justify\">Auteur d\u2019une th\u00e8se de doctorat consacr\u00e9e au ch\u0153ur dans l\u2019\u0153uvre dramatique de J.-Ph. Rameau, il s\u2019est int\u00e9ress\u00e9 plus g\u00e9n\u00e9ralement, d\u2019une part, au genre op\u00e9ra (publication en 1999 d\u2019un <i>Vocabulaire de l\u2019op\u00e9ra<\/i>), d\u2019autre part, \u00e0 la notion de classicisme en musique. Une part importante de ses recherches a \u00e9t\u00e9 consacr\u00e9e \u00e0 l\u2019esth\u00e9tique musicale des Lumi\u00e8res, notamment dans l\u2019\u0153uvre sc\u00e9nique ou instrumental de J.-Ph. Rameau, ainsi qu\u2019aux \u00e9crits sur la musique et aux \u0153uvres musicales de J.-J. Rousseau.<\/p>\n<p align=\"justify\">Il a \u00e9tudi\u00e9 \u00e9galement le discours sur la musique dans la presse fran\u00e7aise du xviii<sup>e<\/sup> si\u00e8cle, et a travaill\u00e9 sur la po\u00e9sie fugitive et la chanson de la m\u00eame p\u00e9riode (publication en 2019 d\u2019une anthologie de pi\u00e8ces en vers de Gabriel-Charles de Lattaignant).<\/p>\n<p align=\"justify\">\u00a0<\/p>","excerpt":"","slug":"promenades-dans-la-bonne-chanson-francaise-des-annees-1966-1973-autour-de-la-fine-fleur-emission-radiophonique-de-luc-berimont-par-pierre-saby-musicologue","image":false,"all_day":false,"start_date":"2025-05-24 14:30:00","start_date_details":{"year":"2025","month":"05","day":"24","hour":"14","minutes":"30","seconds":"00"},"end_date":"2025-05-24 14:30:00","end_date_details":{"year":"2025","month":"05","day":"24","hour":"14","minutes":"30","seconds":"00"},"utc_start_date":"2025-05-24 12:30:00","utc_start_date_details":{"year":"2025","month":"05","day":"24","hour":"12","minutes":"30","seconds":"00"},"utc_end_date":"2024-09-07 07:50:13","utc_end_date_details":{"year":"2024","month":"09","day":"07","hour":"07","minutes":"50","seconds":"13"},"timezone":"Europe\/Paris","timezone_abbr":"CEST","cost":"","cost_details":{"currency_symbol":"\u20ac","currency_code":"EUR","currency_position":"prefix","values":[]},"website":"","show_map":true,"show_map_link":true,"hide_from_listings":false,"sticky":false,"featured":false,"categories":[],"tags":[],"venue":{"id":1125,"author":"1","status":"publish","date":"2022-09-07 21:01:05","date_utc":"2022-09-07 19:01:05","modified":"2022-11-23 17:56:40","modified_utc":"2022-11-23 16:56:40","url":"https:\/\/www.mozarteumdefrance.fr\/wp\/lieu\/societe-de-lecture-de-lyon\/","venue":"Mozarteum de France","slug":"societe-de-lecture-de-lyon","address":"39 bis rue de Marseille","city":"Lyon","country":"France","zip":"69007","json_ld":{"@type":"Place","name":"Mozarteum de France","description":"","url":"","address":{"@type":"PostalAddress","streetAddress":"39 bis rue de Marseille","addressLocality":"Lyon","postalCode":"69007","addressCountry":"France"},"telephone":"","sameAs":""},"show_map":true,"show_map_link":true,"global_id":"www.mozarteumdefrance.fr\/wp?id=1125","global_id_lineage":["www.mozarteumdefrance.fr\/wp?id=1125"]},"organizer":[],"custom_fields":[],"json_ld":{"@context":"http:\/\/schema.org","@type":"Event","name":"Promenades dans la (bonne) chanson fran\u00e7aise des ann\u00e9es 1966-1973 : autour de \u00ab\u00a0La fine fleur\u00a0\u00bb, \u00e9mission radiophonique de Luc B\u00e9rimont par Pierre Saby, musicologue","description":"&lt;p&gt;Le 3 janvier 1967, sur la cha\u00eene de radio nationale France Inter, \u00e9tait diffus\u00e9e pour la premi\u00e8re fois une formule sc\u00e9nique de l\u2019\u00e9mission \u00ab\u00a0La fine fleur de la chanson fran\u00e7aise\u00a0\u00bb, &hellip;&lt;\/p&gt;\\n&lt;p class=&quot;read-more&quot;&gt; &lt;a class=&quot;&quot; href=&quot;https:\/\/www.mozarteumdefrance.fr\/wp\/conference\/promenades-dans-la-bonne-chanson-francaise-des-annees-1966-1973-autour-de-la-fine-fleur-emission-radiophonique-de-luc-berimont-par-pierre-saby-musicologue\/&quot;&gt; &lt;span class=&quot;screen-reader-text&quot;&gt;Promenades dans la (bonne) chanson fran\u00e7aise des ann\u00e9es 1966-1973 : autour de \u00ab\u00a0La fine fleur\u00a0\u00bb, \u00e9mission radiophonique de Luc B\u00e9rimont par Pierre Saby, musicologue&lt;\/span&gt; Lire la suite\u00a0\u00bb&lt;\/a&gt;&lt;\/p&gt;\\n","url":"https:\/\/www.mozarteumdefrance.fr\/wp\/conference\/promenades-dans-la-bonne-chanson-francaise-des-annees-1966-1973-autour-de-la-fine-fleur-emission-radiophonique-de-luc-berimont-par-pierre-saby-musicologue\/","eventAttendanceMode":"https:\/\/schema.org\/OfflineEventAttendanceMode","eventStatus":"https:\/\/schema.org\/EventScheduled","startDate":"2025-05-24T14:30:00+02:00","endDate":"2025-05-24T14:30:00+02:00","location":{"@type":"Place","name":"Mozarteum de France","description":"","url":"","address":{"@type":"PostalAddress","streetAddress":"39 bis rue de Marseille","addressLocality":"Lyon","postalCode":"69007","addressCountry":"France"},"telephone":"","sameAs":""},"performer":"Organization"}}